{"id":947,"date":"2022-04-14T15:17:40","date_gmt":"2022-04-14T15:17:40","guid":{"rendered":"http:\/\/nou.buckner.ro\/?p=947"},"modified":"2024-12-10T12:35:34","modified_gmt":"2024-12-10T12:35:34","slug":"lansare-proiect-educand-prezentul-pregatim-viitorul","status":"publish","type":"post","link":"http:\/\/nou.buckner.ro\/index.php\/2022\/04\/14\/lansare-proiect-educand-prezentul-pregatim-viitorul\/","title":{"rendered":"Lansare proiect \u201eEduc\u00e2nd prezentul, preg\u0103tim viitorul\u201d"},"content":{"rendered":"<table width=\"100%\">\n<tbody>\n<tr>\n<td width=\"50%\"><span style=\"color: #000000;\"><img decoding=\"async\" class=\"alignnone wp-image-949\" src=\"http:\/\/nou.buckner.ro\/wp-content\/uploads\/2022\/04\/EEA_grants@2x-300x210.png\" alt=\"\" width=\"181\" height=\"116\" \/><\/span><\/td>\n<td width=\"50%\"><span style=\"color: #000000;\"><img decoding=\"async\" class=\" wp-image-950 alignright\" src=\"http:\/\/nou.buckner.ro\/wp-content\/uploads\/2022\/04\/frds-300x187.png\" alt=\"\" width=\"197\" height=\"123\" srcset=\"http:\/\/nou.buckner.ro\/wp-content\/uploads\/2022\/04\/frds-300x187.png 300w, http:\/\/nou.buckner.ro\/wp-content\/uploads\/2022\/04\/frds-768x479.png 768w, http:\/\/nou.buckner.ro\/wp-content\/uploads\/2022\/04\/frds.png 960w\" sizes=\"(max-width: 197px) 100vw, 197px\" \/><\/span><\/td>\n<\/tr>\n<\/tbody>\n<\/table>\n<p><span style=\"color: #000000;\">\u00cen data de 14 Aprilie 2022, la Centrul Cultural T\u00e2rn\u0103veni a fost lansat proiectul\u00a0\u201eEDUC\u00c2ND PREZENTUL, PREG\u0102TIM VIITORUL\u201d (Cod proiect PN1033) proiect finan\u0163at prin Granturile SEE 2014-2021 \u00een cadrul programului \u201eDezvoltare local\u0103, reducerea s\u0103r\u0103ciei \u0219i cre\u0219terea incluziunii romilor\u201d, prin Fondul Rom\u00e2n de Dezvoltare Social\u0103 \u2013 Operator de program.<\/span><\/p>\n<p><span style=\"color: #000000;\">Proiectul este implementat\u00a0\u00een Municipiul T\u00e2rn\u0103veni, \u00een comuna Zag\u0103r \u0219i \u00een comuna Vii\u0219oara de Funda\u021bia Buckner \u00een parteneriat cu Prim\u0103ria Municipiului T\u00e2rn\u0103veni \u0219i Prim\u0103ria Comunei Zag\u0103r \u0219i \u00een colaborare cu Prim\u0103ria Comunei Vii\u0219oara, \u0219i cu unit\u0103\u021bile de \u00eenv\u0103\u021b\u0103m\u00e2nt: \u0218coala Gimnazial\u0103 nr. 3, \u0218coala Gimnazial\u0103 Vasile Moldovan, Liceul Tehnologic \u0219i Liceul Tehnologic \u201eConstantin Br\u00e2ncu\u0219i\u201d din Municipiul T\u00e2rn\u0103veni.<\/span><\/p>\n<p><span style=\"color: #000000;\"><strong>Bugetul total<\/strong> al proiectului este de <strong>4.772.527,53 <\/strong>lei, din care valoarea cofinan\u021b\u0103rii private este de <strong>160.837,28 <\/strong>lei. Proiectul se implementeaz\u0103 \u00een municipiul T\u00e2rn\u0103veni, \u00een comuna Zag\u0103r \u0219i comuna Vii\u0219oara, jude\u021bul Mure\u0219 pe o perioad\u0103 de <strong>20<\/strong> luni, \u00een perioada <strong>Martie 2022 \u2013 Octombrie 2023<\/strong>.<\/span><\/p>\n<p><span style=\"color: #000000;\"><strong>Obiectivul general <\/strong>al proiectului este cre\u0219terea accesului \u0219i a calit\u0103\u021bii serviciilor integrate pentru romi, \u00een educa\u021bie \u0219i s\u0103n\u0103tate, cre\u0219terea incluziunii romilor \u0219i abilitarea lor, combaterea oric\u0103rei forme de discriminare \u00een judetul Mures, prin oferirea de servicii complementare, educa\u021bionale, sociale, de consiliere juridic\u0103 \u0219i psihologic\u0103<strong>.<\/strong><\/span><\/p>\n<p><span style=\"color: #000000;\"><strong>Obiectivele specifice <\/strong>ale proiectului sunt:<\/span><\/p>\n<p><span style=\"color: #000000;\"><strong>Obiectiv 1.<\/strong> Nivel socio-educa\u021bional \u00eembun\u0103t\u0103\u021bit pentru 387 de persoane apar\u021bin\u00e2nd comunit\u0103\u021bilor vulnerabile prin \u00eenfiin\u021barea a 2 centre de zi \u00een comunele Vii\u0219oara \u0219i Zag\u0103r, prin \u00eenfiin\u021barea unor programe \u0218coal\u0103-dup\u0103-\u0219coal\u0103 \u00een \u0218c. Gimnazial\u0103 nr. 3, \u0218c. Gimnazial\u0103 Vasile Moldovan din Municipiul T\u00e2rn\u0103veni, prin dezvoltarea unui program de educa\u021bie remedial\u0103 pentru 100 de liceeni \u00een Liceul Tehnologic \u0219i \u00een Liceul Tehnologic \u201eConstantin Br\u00e2ncu\u0219i\u201d din Municipiul T\u00e2rn\u0103veni si prin \u00eembun\u0103t\u0103\u021birea\/dezvoltarea serviciilor oferite \u00een cadrul Centrului de zi Buckner din Municipiul T\u00e2rn\u0103veni.<\/span><\/p>\n<p><span style=\"color: #000000;\"><strong>Obiectiv 2.<\/strong> Grad crescut de inser\u021bie social\u0103, abilitare \u0219i con\u0219tientizare pentru 688 de tineri \u0219i adul\u021bi din comunit\u0103\u021bile vulnerabile rome ale jude\u021bului Mure\u0219, \u00een mod special femei \u0219i mame, \u00een vederea particip\u0103rii la: educa\u021bia copiilor \u0219i \u00eembun\u0103t\u0103\u021birea st\u0103rii generale de s\u0103n\u0103tate a familiei.<\/span><\/p>\n<p><span style=\"color: #000000;\"><strong>Obiectiv 3.<\/strong>\u00a0Grad de discriminare redus al membrilor comunit\u0103\u021bilor rome prin campanii de anti-discriminare \u0219i prin activit\u0103\u021bile derulate pe perioada implement\u0103rii proiectului \u00een cadrul Centrelor de zi nou \u00eenfiin\u021bate \u00een comunele Vii\u0219oara \u0219i Zag\u0103r \u0219i pe raza Municipiului T\u00e2rn\u0103veni<\/span><\/p>\n<p><span style=\"color: #000000;\"><strong>Rezultatele principale propuse \u00een proiect sunt:<\/strong><\/span><\/p>\n<p><span style=\"color: #000000;\">Grupul \u021bint\u0103 al proiectului este format din 1335 persoane \u0219i cuprinde copii, tineri \u0219i adul\u021bi provenind din comunit\u0103\u021bi marginalizate \u0219i \u00een care exist\u0103 persoane care apar\u021bin minorit\u0103\u021bii rome ce se afl\u0103 \u00een situa\u021bii de vulnerabilitate, \u00een risc crescut de s\u0103r\u0103cie \u0219i excluziune social\u0103, de pe raza Municipiului T\u00e2rn\u0103veni, a comunei Zag\u0103r \u0219i a comunei Vii\u0219oara.<\/span><\/p>\n<p><span style=\"color: #000000;\">Proiectul \u201eEduc\u00e2nd prezentul, preg\u0103tim viitorul\u201d vizeaz\u0103 cre\u0219terea incluziunii sociale \u0219i a impactului m\u0103surilor de sprijin adresate comunit\u0103\u021bilor de romi vulnerabile. Interven\u021bia \u00ee\u0219i propune \u00eembun\u0103t\u0103\u021birea nivelului socio-educa\u021bional pentru 387 copii \u0219i tineri \u0219i 688 de adul\u021bi prin dezvoltarea \u0219i acordarea timp de 20 de luni a unui pachet de servicii socio-educa\u021bionale care va contribui la cre\u0219terea nivelului de abilitare precum \u0219i la cre\u0219terea calit\u0103\u021bii procesului educa\u021bional \u0219i a performan\u021belor \u0219colare. Serviciile pentru copii \u0219i tineri vor fi derulate prin intermediul a trei centre de zi &#8211; Centrul de zi Buckner din T\u00e2rn\u0103veni \u0219i \u00eenfiin\u021barea a dou\u0103 centre de zi \u00een Comuna Zag\u0103r \u0219i respectiv \u00een satul Ormeni\u0219 din Comuna Vii\u0219oara, precum \u0219i prin programe de tip \u0219coal\u0103-dup\u0103-\u0219coal\u0103 adaptate nevoilor grupurilor \u021bint\u0103, \u00een timp ce adul\u021bii vor beneficia de servicii de consiliere partental\u0103 \u0219i de orientare voca\u021bional\u0103 \u0219i profesional\u0103. Proiectul cuprinde \u0219i o campanie anti-discriminare \u00een vederea reducerii gradului de discriminare al membrilor comunit\u0103\u021bilor rome \u0219i un curs de comunicare inter-cultural\u0103 pentru profesioni\u0219ti care sunt implica\u021bi \u00een oferirea de servicii minorit\u0103\u021bilor.<\/span><\/p>\n<table class=\" aligncenter\" style=\"height: 199px;\" width=\"970\">\n<tbody>\n<tr>\n<td style=\"padding-left: 120px;\" width=\"233\"><span style=\"color: #000000;\"><img decoding=\"async\" class=\" wp-image-5 aligncenter\" src=\"http:\/\/nou.buckner.ro\/wp-content\/uploads\/2016\/09\/logo-300x87.gif\" alt=\"\" width=\"245\" height=\"77\" \/><\/span><\/td>\n<td width=\"233\"><span style=\"color: #000000;\"><img loading=\"lazy\" decoding=\"async\" class=\"wp-image-952 aligncenter\" src=\"http:\/\/nou.buckner.ro\/wp-content\/uploads\/2022\/04\/Primaria-Tarnaveni.jpg\" alt=\"\" width=\"69\" height=\"112\" \/><\/span><\/td>\n<td width=\"233\">\n<h6 style=\"text-align: center;\"><span style=\"color: #000000;\"><img loading=\"lazy\" decoding=\"async\" class=\"wp-image-951 aligncenter\" src=\"http:\/\/nou.buckner.ro\/wp-content\/uploads\/2022\/04\/Logo-Zagar-300x297.jpg\" alt=\"\" width=\"84\" height=\"82\" \/><\/span><\/h6>\n<h6 style=\"text-align: center;\"><span style=\"color: #000000;\">COMUNA\u00a0ZAG\u0102R<\/span><\/h6>\n<\/td>\n<\/tr>\n<\/tbody>\n<\/table>\n<p>&nbsp;<\/p>\n","protected":false},"excerpt":{"rendered":"<p>\u00cen data de 14 Aprilie 2022, la Centrul Cultural T\u00e2rn\u0103veni a fost lansat proiectul\u00a0\u201eEDUC\u00c2ND PREZENTUL, PREG\u0102TIM VIITORUL\u201d (Cod proiect PN1033) proiect finan\u0163at prin Granturile SEE 2014-2021 \u00een cadrul programului \u201eDezvoltare local\u0103, reducerea s\u0103r\u0103ciei \u0219i cre\u0219terea incluziunii romilor\u201d, prin Fondul Rom\u00e2n de Dezvoltare Social\u0103 \u2013 Operator de program. Proiectul este implementat\u00a0\u00een Municipiul T\u00e2rn\u0103veni, \u00een comuna Zag\u0103r [&hellip;]<\/p>\n","protected":false},"author":1,"featured_media":949,"comment_status":"open","ping_status":"open","sticky":false,"template":"","format":"standard","meta":{"footnotes":""},"categories":[1],"tags":[],"language":[],"class_list":["post-947","post","type-post","status-publish","format-standard","has-post-thumbnail","hentry","category-fara-categorie"],"_links":{"self":[{"href":"http:\/\/nou.buckner.ro\/index.php\/wp-json\/wp\/v2\/posts\/947","targetHints":{"allow":["GET"]}}],"collection":[{"href":"http:\/\/nou.buckner.ro\/index.php\/wp-json\/wp\/v2\/posts"}],"about":[{"href":"http:\/\/nou.buckner.ro\/index.php\/wp-json\/wp\/v2\/types\/post"}],"author":[{"embeddable":true,"href":"http:\/\/nou.buckner.ro\/index.php\/wp-json\/wp\/v2\/users\/1"}],"replies":[{"embeddable":true,"href":"http:\/\/nou.buckner.ro\/index.php\/wp-json\/wp\/v2\/comments?post=947"}],"version-history":[{"count":6,"href":"http:\/\/nou.buckner.ro\/index.php\/wp-json\/wp\/v2\/posts\/947\/revisions"}],"predecessor-version":[{"id":957,"href":"http:\/\/nou.buckner.ro\/index.php\/wp-json\/wp\/v2\/posts\/947\/revisions\/957"}],"wp:featuredmedia":[{"embeddable":true,"href":"http:\/\/nou.buckner.ro\/index.php\/wp-json\/wp\/v2\/media\/949"}],"wp:attachment":[{"href":"http:\/\/nou.buckner.ro\/index.php\/wp-json\/wp\/v2\/media?parent=947"}],"wp:term":[{"taxonomy":"category","embeddable":true,"href":"http:\/\/nou.buckner.ro\/index.php\/wp-json\/wp\/v2\/categories?post=947"},{"taxonomy":"post_tag","embeddable":true,"href":"http:\/\/nou.buckner.ro\/index.php\/wp-json\/wp\/v2\/tags?post=947"},{"taxonomy":"language","embeddable":true,"href":"http:\/\/nou.buckner.ro\/index.php\/wp-json\/wp\/v2\/language?post=947"}],"curies":[{"name":"wp","href":"https:\/\/api.w.org\/{rel}","templated":true}]}}