{"id":859,"date":"2020-12-01T22:15:59","date_gmt":"2020-12-01T22:15:59","guid":{"rendered":"http:\/\/nou.buckner.ro\/?p=859"},"modified":"2020-12-02T08:14:25","modified_gmt":"2020-12-02T08:14:25","slug":"am-lansat-campania-cutia-bucuriei-2020","status":"publish","type":"post","link":"http:\/\/nou.buckner.ro\/index.php\/2020\/12\/01\/am-lansat-campania-cutia-bucuriei-2020\/","title":{"rendered":"Am lansat campania Cutia Bucuriei 2020!"},"content":{"rendered":"<h5 style=\"padding-left: 30px;\"><\/h5>\n<h5><span style=\"color: #000000;\"><img fetchpriority=\"high\" decoding=\"async\" class=\" wp-image-867 aligncenter\" src=\"http:\/\/nou.buckner.ro\/wp-content\/uploads\/2020\/12\/Cutia-Bucuriei-Fundatia-Buckner-1-300x236.png\" alt=\"\" width=\"341\" height=\"268\" srcset=\"http:\/\/nou.buckner.ro\/wp-content\/uploads\/2020\/12\/Cutia-Bucuriei-Fundatia-Buckner-1-300x236.png 300w, http:\/\/nou.buckner.ro\/wp-content\/uploads\/2020\/12\/Cutia-Bucuriei-Fundatia-Buckner-1-768x603.png 768w, http:\/\/nou.buckner.ro\/wp-content\/uploads\/2020\/12\/Cutia-Bucuriei-Fundatia-Buckner-1-1024x804.png 1024w, http:\/\/nou.buckner.ro\/wp-content\/uploads\/2020\/12\/Cutia-Bucuriei-Fundatia-Buckner-1.png 1849w\" sizes=\"(max-width: 341px) 100vw, 341px\" \/><\/span><\/h5>\n<h5><span style=\"color: #000000;\">A fost un an greu pentru toat\u0103 lumea. Pandemia cauzat\u0103 de noul coronavirus a creat situa\u021bii nemai\u00eent\u00e2lnite pe \u00eentreaga planet\u0103 \u0219i a\u00a0<\/span><span style=\"color: #000000;\">venit cu numeroase provoc\u0103ri. Pentru c\u0103 ne afl\u0103m la final de an \u0219i \u00een preajma s\u0103rb\u0103torii Na\u0219terii Domnului, nu putem s\u0103 nu ne g\u00e2ndim la\u00a0<\/span><span style=\"color: #000000;\">to\u021bi cei care au fost puternic afecta\u021bi de pandemie \u2013 fizic, financiar, material sau social.<\/span><\/h5>\n<h5><span style=\"color: #000000;\">Anul acesta, credem c\u0103 vor fi \u0219i mai mul\u021bi copii care vor a\u0219tepta \u00een zadar venirea s\u0103rb\u0103torilor \u0219i cadourile de sub brad. G\u00e2ndindu-ne la ei \u0219i din\u00a0<\/span><span style=\"color: #000000;\">dorin\u021ba de a face c\u00e2t mai mul\u021bi copii ferici\u021bi de s\u0103rb\u0103tori, \u00een parteneriat cu Prim\u0103ria Municipiului T\u00e2rgu Mure\u0219 &#8211; Direc\u021bia de Asisten\u021b\u0103 Social\u0103 \u0219i cu sprijinul Crucii Ro\u0219ii Rom\u00e2ne Filiala T\u00e2rgu Mure\u0219, a Bisericii Harvest T\u00e2rgu Mure\u0219 \u0219i a Funda\u021biei Comunitare Mure\u0219 am demarat o campanie de colectare de cadouri de\u00a0<\/span><span style=\"color: #000000;\">Cr\u0103ciun pentru copii intitulat\u0103 \u201eCUTIA BUCURIEI\u201d.<\/span><\/h5>\n<h3 style=\"text-align: center;\"><span style=\"color: #ff0000;\">Pentru cine preg\u0103tim Cutia Bucuriei?<\/span><\/h3>\n<h5><span style=\"color: #000000;\">Destinatarii acestei campanii sunt copiii nevoia\u0219i, abandona\u021bi sau neglija\u021bi de pe raza jude\u021bului Mure\u0219 c\u0103rora ne dorim s\u0103 le putem face o bucurie\u00a0<\/span><span style=\"color: #000000;\">cu ocazia s\u0103rb\u0103torii Cr\u0103ciunului.<\/span><\/h5>\n<h3 style=\"text-align: center;\"><span style=\"color: #ff0000;\">Cum te po\u021bi implica?<\/span><\/h3>\n<h5><span style=\"color: #000000;\">Oricine se poate implica preg\u0103tind o cutie <\/span><span style=\"color: #000000;\">de <\/span><span style=\"color: #000000;\">lucruri folositoare precum past\u0103 \u0219i perie de din\u021bi, s\u0103pun, articole vestimentare de iarn\u0103, juc\u0103rii mici, rechizite, dulciuri cu termen de valabilitate mai lung sau\u00a0<\/span><span style=\"color: #000000;\">alte obiecte asem\u0103n\u0103toare pentru copii, sau pur \u0219i simplu prin dona\u021bii de bunuri (\u00eembr\u0103c\u0103minte, \u00eenc\u0103l\u021b\u0103minte, accesorii de iarn\u0103, etc.) sau prin donarea unor sume de bani care se vor folosi pentru cump\u0103rarea de produse pentru umplerea cutiilor.\u00a0<\/span><\/h5>\n<h3 style=\"text-align: center;\"><span style=\"color: #ff0000;\">P\u00e2n\u0103 c\u00e2nd po\u021bi dona sau preg\u0103ti Cutia Bucuriei?<\/span><\/h3>\n<h5><span style=\"color: #000000;\">Data limit\u0103 de preluare a cutiilor sau bunurilor donate este 18 decembrie 2020 urm\u00e2nd ca dup\u0103 aceast\u0103 dat\u0103 \u0219i p\u00e2n\u0103 la Ajunul Cr\u0103ciunului cutiile s\u0103 fie livrate la cei care au at\u00e2ta nevoie de ele.\u00a0<\/span><\/h5>\n<h3 style=\"text-align: center;\"><span style=\"color: #ff0000;\">Vrei s\u0103 afli mai multe?<\/span><\/h3>\n<h5><span style=\"color: #000000;\">Mai multe detalii g\u0103se\u0219ti <span style=\"color: #0000ff;\"><a style=\"color: #0000ff;\" href=\"http:\/\/nou.buckner.ro\/index.php\/2020\/12\/01\/campania-cutia-bucuriei-2020\/\">aici<\/a><\/span>. De asemenea, ne po\u021bi suna\u00a0la numerele de telefon: 0742885832 (Funda\u021bia Buckner) sau 0365-430859 (Direc\u021bia de Asisten\u021b\u0103 Social\u0103) sau ne po\u021bi scrie la adresa de emailoffice@buckner.ro.<\/span><\/h5>\n<h5>De Cr\u0103ciun, \u00eempreun\u0103, \u00eemp\u0103r\u021bim bucurii copiilor nevoia\u0219i!<\/h5>\n","protected":false},"excerpt":{"rendered":"<p>A fost un an greu pentru toat\u0103 lumea. Pandemia cauzat\u0103 de noul coronavirus a creat situa\u021bii nemai\u00eent\u00e2lnite pe \u00eentreaga planet\u0103 \u0219i a\u00a0venit cu numeroase provoc\u0103ri. Pentru c\u0103 ne afl\u0103m la final de an \u0219i \u00een preajma s\u0103rb\u0103torii Na\u0219terii Domnului, nu putem s\u0103 nu ne g\u00e2ndim la\u00a0to\u021bi cei care au fost puternic afecta\u021bi de pandemie \u2013 [&hellip;]<\/p>\n","protected":false},"author":1,"featured_media":867,"comment_status":"open","ping_status":"open","sticky":false,"template":"","format":"standard","meta":{"footnotes":""},"categories":[1],"tags":[],"language":[],"class_list":["post-859","post","type-post","status-publish","format-standard","has-post-thumbnail","hentry","category-fara-categorie"],"_links":{"self":[{"href":"http:\/\/nou.buckner.ro\/index.php\/wp-json\/wp\/v2\/posts\/859","targetHints":{"allow":["GET"]}}],"collection":[{"href":"http:\/\/nou.buckner.ro\/index.php\/wp-json\/wp\/v2\/posts"}],"about":[{"href":"http:\/\/nou.buckner.ro\/index.php\/wp-json\/wp\/v2\/types\/post"}],"author":[{"embeddable":true,"href":"http:\/\/nou.buckner.ro\/index.php\/wp-json\/wp\/v2\/users\/1"}],"replies":[{"embeddable":true,"href":"http:\/\/nou.buckner.ro\/index.php\/wp-json\/wp\/v2\/comments?post=859"}],"version-history":[{"count":11,"href":"http:\/\/nou.buckner.ro\/index.php\/wp-json\/wp\/v2\/posts\/859\/revisions"}],"predecessor-version":[{"id":874,"href":"http:\/\/nou.buckner.ro\/index.php\/wp-json\/wp\/v2\/posts\/859\/revisions\/874"}],"wp:featuredmedia":[{"embeddable":true,"href":"http:\/\/nou.buckner.ro\/index.php\/wp-json\/wp\/v2\/media\/867"}],"wp:attachment":[{"href":"http:\/\/nou.buckner.ro\/index.php\/wp-json\/wp\/v2\/media?parent=859"}],"wp:term":[{"taxonomy":"category","embeddable":true,"href":"http:\/\/nou.buckner.ro\/index.php\/wp-json\/wp\/v2\/categories?post=859"},{"taxonomy":"post_tag","embeddable":true,"href":"http:\/\/nou.buckner.ro\/index.php\/wp-json\/wp\/v2\/tags?post=859"},{"taxonomy":"language","embeddable":true,"href":"http:\/\/nou.buckner.ro\/index.php\/wp-json\/wp\/v2\/language?post=859"}],"curies":[{"name":"wp","href":"https:\/\/api.w.org\/{rel}","templated":true}]}}