{"id":799,"date":"2019-03-25T22:52:19","date_gmt":"2019-03-25T22:52:19","guid":{"rendered":"http:\/\/nou.buckner.ro\/?p=799"},"modified":"2019-03-27T09:51:03","modified_gmt":"2019-03-27T09:51:03","slug":"generatii-centrul-comunitatii-2018-2019","status":"publish","type":"post","link":"http:\/\/nou.buckner.ro\/index.php\/2019\/03\/25\/generatii-centrul-comunitatii-2018-2019\/","title":{"rendered":"Genera\u021bii, Centrul Comunit\u0103\u021bii 2018-2019"},"content":{"rendered":"<p><img decoding=\"async\" class=\"size-medium wp-image-821 aligncenter\" src=\"http:\/\/nou.buckner.ro\/wp-content\/uploads\/2019\/03\/FPMR-1-300x85.png\" alt=\"\" width=\"300\" height=\"85\" srcset=\"http:\/\/nou.buckner.ro\/wp-content\/uploads\/2019\/03\/FPMR-1-300x85.png 300w, http:\/\/nou.buckner.ro\/wp-content\/uploads\/2019\/03\/FPMR-1.png 736w\" sizes=\"(max-width: 300px) 100vw, 300px\" \/><\/p>\n<p>Funda\u0163ia Principesa Margareta a Rom\u00e2niei a fost \u00eenfiin\u0163at\u0103 \u00een 1990 de Alte\u0163a Sa Regal\u0103 Principesa Mo\u015ftenitoare Margareta a Rom\u00e2niei cu sprijinul tat\u0103lui s\u0103u, Majestatea Sa Regele Mihai I. Funda\u0163ia este una din organiza\u0163iile neguvernamentale de elit\u0103 din Rom\u00e2nia \u015fi contribuie la dezvoltarea societ\u0103\u0163ii civile venind \u00een sprijinul oamenilor de peste 25 de ani.<\/p>\n<p>Proiectul Genera\u021bii \u2013 Centrul Comunit\u0103\u021bii pe care \u00eel desf\u0103\u0219ur\u0103m \u00een perioada Decembrie 2018 \u2013 Septembrie 2019 este a treia colaborare de care se bucur\u0103 Funda\u021bia Buckner cu Funda\u021bia Principesa Margareta a Rom\u00e2niei. Proiectul este implementat \u00een parteneriat cu Funda\u021bia Comunitar\u0103 Mure\u0219, cu care am dezvoltat o rela\u021bie de lung\u0103 durat\u0103 \u00een vederea dezvolt\u0103rii de programe educa\u021bionale care s\u0103 aib\u0103 impact pozitiv \u00een jude\u021bul Mure\u0219.<\/p>\n<p>Dorin\u0163a Funda\u0163iei Buckner prin implicarea \u00een acest proiect este dezvoltarea \u0219i \u00eembun\u0103t\u0103\u021birea gamei de programe educa\u021bionale oferite dar \u015fi dezvoltarea activit\u0103\u0163ii Centrului la parametri care s\u0103 ajute \u0219i mai mult \u00een procesul integr\u0103rii sociale a beneficiarilor. Ne dorim ca \u00een afar\u0103 de \u00eembun\u0103t\u0103\u021birea cuno\u0219tin\u021belor \u0219i a performan\u021bei \u0219colare a copiilor, s\u0103 \u00eei ajut\u0103m s\u0103 se dezvolte \u0219i s\u0103 \u00eei \u00eencuraj\u0103m s\u0103 \u00ee\u0219i continue parcursul educa\u021bional \u0219i dup\u0103 \u0219coala gimnazial\u0103. De asemenea, dorim ca abilit\u0103\u021bile \u0219i deprinderile lor, dob\u00e2ndite \u00een cadrul programelor s\u0103 diminueze \u00een viitor nivelul de discriminare \u0219i segregare cu care se confrunt\u0103 ace\u0219tia.<\/p>\n<p><img fetchpriority=\"high\" decoding=\"async\" class=\"wp-image-835 aligncenter\" src=\"http:\/\/nou.buckner.ro\/wp-content\/uploads\/2019\/03\/IMG_2347-300x200.jpg\" alt=\"\" width=\"323\" height=\"215\" srcset=\"http:\/\/nou.buckner.ro\/wp-content\/uploads\/2019\/03\/IMG_2347-300x200.jpg 300w, http:\/\/nou.buckner.ro\/wp-content\/uploads\/2019\/03\/IMG_2347-768x512.jpg 768w, http:\/\/nou.buckner.ro\/wp-content\/uploads\/2019\/03\/IMG_2347-1024x683.jpg 1024w, http:\/\/nou.buckner.ro\/wp-content\/uploads\/2019\/03\/IMG_2347-750x500.jpg 750w\" sizes=\"(max-width: 323px) 100vw, 323px\" \/><\/p>\n<p>Obiectivele principale al proiectului sunt:<\/p>\n<ol>\n<li><span style=\"color: #808080;\">Prevenirea abandonului scolar \u00een r\u00e2ndul celor 89 de copii de v\u00e2rst\u0103 \u0219colar\u0103 care beneficiaz\u0103 de serviciile Centrului de Zi Buckner din Municipiul T\u00e2rn\u0103veni.<\/span><\/li>\n<li><span style=\"color: #808080;\">Dezvoltarea abilit\u0103\u021bilor lor de operare a calculatorului \u00een cadrul unui program de alfabetizare digital\u0103.<\/span><\/li>\n<li><span style=\"color: #808080;\">Preg\u0103tirea \u00een vederea promov\u0103rii examenului de capacitate de c\u0103tre cei 11 elevi din clasa a VIII-a pentru ca ace\u0219tia s\u0103 poat\u0103 s\u0103 \u00ee\u0219i continue studiile la liceele sau \u0219colile de meserii din T\u00e2rn\u0103veni.<\/span><\/li>\n<\/ol>\n<p>Deoarece modelul preluat de la Funda\u021bia Principesa Margareta a Rom\u00e2niei \u00een ce prive\u0219te programul Genera\u021bii \u2013 Centrul Comunit\u0103\u021bii &#8211; model care a generat rezultate foarte bune \u00een anii trecu\u021bi &#8211; este de a lucra cu voluntari v\u00e2rstnici, ne propunem s\u0103 recrut\u0103m 10 voluntari care s\u0103 fie implica\u021bi \u00een activit\u0103\u021bi cu copiii, una dintre valorile acestui program fiind componenta intergenerational\u0103 care aduce laolalt\u0103 copii afla\u021bi \u00een pragul adolescen\u021bei \u0219i voluntari v\u00e2rstnici din comunitate, iar rela\u021biile formate \u00eentre ace\u0219tia \u00eei \u00eembog\u0103\u021besc nu doar pe copii ci \u0219i pe v\u00e2rstnici.<\/p>\n<p>Tot \u00een cadrul proiectului \u0219i cu sprijinul Funda\u021biei Principesa Margareta a Rom\u00e2niei ne propunem \u00eembun\u0103t\u0103\u0163irea infrastructurii centrului prin achizi\u0163ionarea \u0219i \u00eenlocuirea echipamentelor de calcul \u2013 calculatoare \u0219i monitoare noi pentru sus\u021binerea procesului de \u00eenv\u0103\u021bare, care s\u0103 ne permit\u0103 dezvoltarea unui program s\u0103pt\u0103m\u00e2nal de activit\u0103\u021bi de alfabetizare digital\u0103 de care s\u0103 beneficieze copiii \u0219i voluntarii v\u00e2rstnici. \u00cen acest sens ne propunem s\u0103 achizi\u021bion\u0103m 10 calculatoare noi cu accesorii dar \u0219i cu sistem de operare \u0219i pachetul de aplica\u021bii Office. Un element suplimentar al programului de alfabetizare digital\u0103 \u0219i de introducere \u00een domeniul tehnicii de calcul va fi \u0219i dezvoltarea unui program de robotic\u0103 cu ajutorul unor seturi de\u00a0baza LEGO Education WeDo 2.0 care vor fi instrumentale in dezvoltarea\u00a0abilitatilor copiilor in domenii precum: stiinta, inginerie si proiectare, tehnologie si programare.<\/p>\n<p><img decoding=\"async\" class=\" wp-image-836 aligncenter\" src=\"http:\/\/nou.buckner.ro\/wp-content\/uploads\/2019\/03\/IMG_2601-300x200.jpg\" alt=\"\" width=\"341\" height=\"227\" srcset=\"http:\/\/nou.buckner.ro\/wp-content\/uploads\/2019\/03\/IMG_2601-300x200.jpg 300w, http:\/\/nou.buckner.ro\/wp-content\/uploads\/2019\/03\/IMG_2601-768x512.jpg 768w, http:\/\/nou.buckner.ro\/wp-content\/uploads\/2019\/03\/IMG_2601-1024x683.jpg 1024w, http:\/\/nou.buckner.ro\/wp-content\/uploads\/2019\/03\/IMG_2601-750x500.jpg 750w\" sizes=\"(max-width: 341px) 100vw, 341px\" \/><\/p>\n<p>Proiectul \u00ee\u0219i mai propune \u0219i focalizarea eforturilor \u00een cazul elevilor de clasa a VII-a \u0219i a VIII-a pe promovarea examenului de capacitate, cu concentrare \u00een mod special pe perfec\u021bionarea cuno\u0219tin\u021belor lor la materiile de baz\u0103 &#8211; limba rom\u00e2n\u0103 \u0219i matematic\u0103 &#8211; pentru ca ace\u0219tia s\u0103 fie \u00eencuraja\u021bi s\u0103 se \u00eenscrie la liceu sau \u0219coli de meserii. \u0218ansa de a avea un viitor bun \u0219i a unui trai decent a acestor copii este de a-\u0219i continua parcursul educa\u021bional dup\u0103 absolvirea \u0219colii gimnaziale.<\/p>\n<p>Pentru implementarea acestui proiect, Funda\u021bia Principesa Margareta a Rom\u00e2niei acord\u0103 Funda\u021biei Buckner un grant de 4000 de euro care vor asigura 50% din costuri, urm\u00e2nd ca \u00een colaborare cu Funda\u021bia Comunitar\u0103 Mure\u0219 s\u0103 fie organizate diferite ac\u021biuni de str\u00e2ngere de fonduri care s\u0103 asigure 100% fondurile necesare implement\u0103rii cu succes a proiectului.<\/p>\n<p>&nbsp;<\/p>\n","protected":false},"excerpt":{"rendered":"<p>Funda\u0163ia Principesa Margareta a Rom\u00e2niei a fost \u00eenfiin\u0163at\u0103 \u00een 1990 de Alte\u0163a Sa Regal\u0103 Principesa Mo\u015ftenitoare Margareta a Rom\u00e2niei cu sprijinul tat\u0103lui s\u0103u, Majestatea Sa Regele Mihai I. Funda\u0163ia este una din organiza\u0163iile neguvernamentale de elit\u0103 din Rom\u00e2nia \u015fi contribuie la dezvoltarea societ\u0103\u0163ii civile venind \u00een sprijinul oamenilor de peste 25 de ani. Proiectul Genera\u021bii [&hellip;]<\/p>\n","protected":false},"author":1,"featured_media":809,"comment_status":"open","ping_status":"open","sticky":false,"template":"","format":"standard","meta":{"footnotes":""},"categories":[1],"tags":[],"language":[],"class_list":["post-799","post","type-post","status-publish","format-standard","has-post-thumbnail","hentry","category-fara-categorie"],"_links":{"self":[{"href":"http:\/\/nou.buckner.ro\/index.php\/wp-json\/wp\/v2\/posts\/799","targetHints":{"allow":["GET"]}}],"collection":[{"href":"http:\/\/nou.buckner.ro\/index.php\/wp-json\/wp\/v2\/posts"}],"about":[{"href":"http:\/\/nou.buckner.ro\/index.php\/wp-json\/wp\/v2\/types\/post"}],"author":[{"embeddable":true,"href":"http:\/\/nou.buckner.ro\/index.php\/wp-json\/wp\/v2\/users\/1"}],"replies":[{"embeddable":true,"href":"http:\/\/nou.buckner.ro\/index.php\/wp-json\/wp\/v2\/comments?post=799"}],"version-history":[{"count":6,"href":"http:\/\/nou.buckner.ro\/index.php\/wp-json\/wp\/v2\/posts\/799\/revisions"}],"predecessor-version":[{"id":839,"href":"http:\/\/nou.buckner.ro\/index.php\/wp-json\/wp\/v2\/posts\/799\/revisions\/839"}],"wp:featuredmedia":[{"embeddable":true,"href":"http:\/\/nou.buckner.ro\/index.php\/wp-json\/wp\/v2\/media\/809"}],"wp:attachment":[{"href":"http:\/\/nou.buckner.ro\/index.php\/wp-json\/wp\/v2\/media?parent=799"}],"wp:term":[{"taxonomy":"category","embeddable":true,"href":"http:\/\/nou.buckner.ro\/index.php\/wp-json\/wp\/v2\/categories?post=799"},{"taxonomy":"post_tag","embeddable":true,"href":"http:\/\/nou.buckner.ro\/index.php\/wp-json\/wp\/v2\/tags?post=799"},{"taxonomy":"language","embeddable":true,"href":"http:\/\/nou.buckner.ro\/index.php\/wp-json\/wp\/v2\/language?post=799"}],"curies":[{"name":"wp","href":"https:\/\/api.w.org\/{rel}","templated":true}]}}