{"id":758,"date":"2018-12-11T13:19:48","date_gmt":"2018-12-11T13:19:48","guid":{"rendered":"http:\/\/nou.buckner.ro\/?p=758"},"modified":"2019-03-25T23:27:33","modified_gmt":"2019-03-25T23:27:33","slug":"descoperim-romania-impreuna-la-final","status":"publish","type":"post","link":"http:\/\/nou.buckner.ro\/index.php\/2018\/12\/11\/descoperim-romania-impreuna-la-final\/","title":{"rendered":"Descoperim Romania impreuna &#8211; la final"},"content":{"rendered":"<p>\u00cen data de 8 decembrie 2018 s-a \u00eencheiat cu succes seria de excursii educative organizate de Funda\u021bia Buckner \u00een colaborare cu Consiliul Jude\u021bean Mure\u0219 \u0219i Direc\u021bia General\u0103 de Asisten\u021b\u0103 Social\u0103 \u0219i Protec\u021bia Copilului Mure\u0219.<\/p>\n<p><img fetchpriority=\"high\" decoding=\"async\" class=\" wp-image-760 alignright\" src=\"http:\/\/nou.buckner.ro\/wp-content\/uploads\/2018\/12\/IMG_8389-300x200.jpg\" alt=\"\" width=\"308\" height=\"205\" srcset=\"http:\/\/nou.buckner.ro\/wp-content\/uploads\/2018\/12\/IMG_8389-300x200.jpg 300w, http:\/\/nou.buckner.ro\/wp-content\/uploads\/2018\/12\/IMG_8389-768x512.jpg 768w, http:\/\/nou.buckner.ro\/wp-content\/uploads\/2018\/12\/IMG_8389-1024x683.jpg 1024w, http:\/\/nou.buckner.ro\/wp-content\/uploads\/2018\/12\/IMG_8389-750x500.jpg 750w\" sizes=\"(max-width: 308px) 100vw, 308px\" \/><\/p>\n<p>Dup\u0103 prima excursie care a inclus vizitarea ora\u0219ului Sighi\u0219oara \u0219i a \u00eemprejurimilor, cea de a doua excursie, desf\u0103\u0219urat\u0103 \u00een data de 24 noiembrie 2018, a oferit celor 37 de copii \u0219i tineri participan\u021bi ocazia de a vizita Gr\u0103dina Botanic\u0103 \u201eAlexandru Borza\u201d din Cluj Napoca \u0219i centrul istoric al Municipiului inclusiv Pia\u021ba Unirii \u0219i T\u00e2rgul de Cr\u0103ciun, edi\u021bia 2018. Pe l\u00e2ng\u0103 incursiunea \u00een biologie \u0219i istorie, copiii \u0219i tinerii au avut parte \u0219i de o supriz\u0103: vizionarea unui film de desen animat 3D cu tema Cr\u0103ciunului la unul dintre cinematografele din Cluj Napoca.<\/p>\n<p>&nbsp;<\/p>\n<p><img decoding=\"async\" class=\"size-medium wp-image-762 alignleft\" src=\"http:\/\/nou.buckner.ro\/wp-content\/uploads\/2018\/12\/IMG_8455-300x200.jpg\" alt=\"\" width=\"300\" height=\"200\" srcset=\"http:\/\/nou.buckner.ro\/wp-content\/uploads\/2018\/12\/IMG_8455-300x200.jpg 300w, http:\/\/nou.buckner.ro\/wp-content\/uploads\/2018\/12\/IMG_8455-768x512.jpg 768w, http:\/\/nou.buckner.ro\/wp-content\/uploads\/2018\/12\/IMG_8455-1024x683.jpg 1024w, http:\/\/nou.buckner.ro\/wp-content\/uploads\/2018\/12\/IMG_8455-750x500.jpg 750w\" sizes=\"(max-width: 300px) 100vw, 300px\" \/><\/p>\n<p>A treia excursie \u0219i ultima a avut loc \u00een data de 8 decembrie 2018, doar la o s\u0103pt\u0103m\u00e2n\u0103 dup\u0103 Ziua Na\u021bional\u0103 a Rom\u00e2niei, \u00eentocmai la Cetatea Unirii. Al\u021bi 37 de copii \u0219i tineri au avut ocazia s\u0103 viziteze Cetatea Alba Carolina, urm\u00e2nd traseul celor Trei Fortifica\u021bii, inclusiv Catedrala Re\u00eentregirii \u0219i Catedrala Romano-Catolic\u0103. Grupul a participat \u0219i la un tur ghidat al Muzeului Na\u021bional al Unirii, unde au avut ocazia s\u0103 descopere \u0219i s\u0103 \u00eenve\u021be despre vestigii ale istoriei \u021b\u0103rii noastre din Epoca Bronzului \u0219i p\u00e2n\u0103 la Marea Unire a Principatelor.<\/p>\n<p>&nbsp;<\/p>\n<p>Tuturor participan\u021bilor \u0219i \u00eenso\u021bitorilor lor, \u00een num\u0103r total de 131 de persoane, li s-au asigurat transportul de la T\u00e2rgu Mure\u0219 \u0219i retur cu autocarul, masa de pr\u00e2nz \u0219i gust\u0103ri, precum \u0219i taxa de vizitare a obiectivelor istorice \u0219i turistice, toate acestea finan\u021bate \u00een procent de 90% printr-o subven\u021bie ob\u021binut\u0103 de la Consiliul Jude\u021bean Mure\u0219, \u00een cea de a doua sesiune de selec\u021bie a propunerilor de proiecte \u00een vederea acord\u0103rii finan\u021b\u0103rilor nerambursabile din domeniul asisten\u021bei sociale.<\/p>\n<p><img decoding=\"async\" class=\"size-medium wp-image-761 alignright\" src=\"http:\/\/nou.buckner.ro\/wp-content\/uploads\/2018\/12\/IMG_8420-300x200.jpg\" alt=\"\" width=\"300\" height=\"200\" srcset=\"http:\/\/nou.buckner.ro\/wp-content\/uploads\/2018\/12\/IMG_8420-300x200.jpg 300w, http:\/\/nou.buckner.ro\/wp-content\/uploads\/2018\/12\/IMG_8420-768x512.jpg 768w, http:\/\/nou.buckner.ro\/wp-content\/uploads\/2018\/12\/IMG_8420-1024x683.jpg 1024w, http:\/\/nou.buckner.ro\/wp-content\/uploads\/2018\/12\/IMG_8420-750x500.jpg 750w\" sizes=\"(max-width: 300px) 100vw, 300px\" \/><\/p>\n<p>\u201e<strong><em>Excursiile acestea au reprezentat o noutate at\u00e2t pentru noi c\u00e2t \u0219i pentru copii, dar ini\u021biativa a fost foarte bine primit\u0103 de c\u0103tre participan\u021bi. Ne-am bucurat s\u0103 vedem curiozitatea \u0219i interesul ar\u0103tate de copiii \u0219i tinerii care au avut ocazia s\u0103 ia parte la excursii, dar mai mult ne-am bucurat s\u0103 auzim de la ei m\u0103rturii cu privire la lucrurile noi ce le-au auzit \u0219i v\u0103zut. Nimic nu este mai important dec\u00e2t contribuirea la cre\u0219terea \u0219i dezvoltarea genera\u021biei tinere<\/em><\/strong>\u201d a declarat Moldovan Drago\u0219 Dacian, Pre\u0219edintele Funda\u021biei Buckner, ini\u021biatorul acestui proiect.<\/p>\n","protected":false},"excerpt":{"rendered":"<p>\u00cen data de 8 decembrie 2018 s-a \u00eencheiat cu succes seria de excursii educative organizate de Funda\u021bia Buckner \u00een colaborare cu Consiliul Jude\u021bean Mure\u0219 \u0219i Direc\u021bia General\u0103 de Asisten\u021b\u0103 Social\u0103 \u0219i Protec\u021bia Copilului Mure\u0219. Dup\u0103 prima excursie care a inclus vizitarea ora\u0219ului Sighi\u0219oara \u0219i a \u00eemprejurimilor, cea de a doua excursie, desf\u0103\u0219urat\u0103 \u00een data de [&hellip;]<\/p>\n","protected":false},"author":1,"featured_media":762,"comment_status":"open","ping_status":"open","sticky":false,"template":"","format":"standard","meta":{"footnotes":""},"categories":[1],"tags":[],"language":[],"class_list":["post-758","post","type-post","status-publish","format-standard","has-post-thumbnail","hentry","category-fara-categorie"],"_links":{"self":[{"href":"http:\/\/nou.buckner.ro\/index.php\/wp-json\/wp\/v2\/posts\/758","targetHints":{"allow":["GET"]}}],"collection":[{"href":"http:\/\/nou.buckner.ro\/index.php\/wp-json\/wp\/v2\/posts"}],"about":[{"href":"http:\/\/nou.buckner.ro\/index.php\/wp-json\/wp\/v2\/types\/post"}],"author":[{"embeddable":true,"href":"http:\/\/nou.buckner.ro\/index.php\/wp-json\/wp\/v2\/users\/1"}],"replies":[{"embeddable":true,"href":"http:\/\/nou.buckner.ro\/index.php\/wp-json\/wp\/v2\/comments?post=758"}],"version-history":[{"count":9,"href":"http:\/\/nou.buckner.ro\/index.php\/wp-json\/wp\/v2\/posts\/758\/revisions"}],"predecessor-version":[{"id":771,"href":"http:\/\/nou.buckner.ro\/index.php\/wp-json\/wp\/v2\/posts\/758\/revisions\/771"}],"wp:featuredmedia":[{"embeddable":true,"href":"http:\/\/nou.buckner.ro\/index.php\/wp-json\/wp\/v2\/media\/762"}],"wp:attachment":[{"href":"http:\/\/nou.buckner.ro\/index.php\/wp-json\/wp\/v2\/media?parent=758"}],"wp:term":[{"taxonomy":"category","embeddable":true,"href":"http:\/\/nou.buckner.ro\/index.php\/wp-json\/wp\/v2\/categories?post=758"},{"taxonomy":"post_tag","embeddable":true,"href":"http:\/\/nou.buckner.ro\/index.php\/wp-json\/wp\/v2\/tags?post=758"},{"taxonomy":"language","embeddable":true,"href":"http:\/\/nou.buckner.ro\/index.php\/wp-json\/wp\/v2\/language?post=758"}],"curies":[{"name":"wp","href":"https:\/\/api.w.org\/{rel}","templated":true}]}}